{"id":5683,"date":"2024-10-17T16:25:01","date_gmt":"2024-10-17T14:25:01","guid":{"rendered":"http:\/\/2lautcote.be\/?p=5683"},"modified":"2024-11-04T09:22:05","modified_gmt":"2024-11-04T08:22:05","slug":"le-mois-du-doc-2024-eclaireuses","status":"publish","type":"post","link":"http:\/\/2lautcote.be\/index.php\/2024\/10\/17\/le-mois-du-doc-2024-eclaireuses\/","title":{"rendered":"Le mois du Doc 2024 &#8211; \u00c9claireuses"},"content":{"rendered":"\n<p>Dans le cadre du mois du doc, l&rsquo;ASBL Espace Citoyen vous propose la diffusion du film \u00ab\u00a0Eclaireuses\u00a0\u00bb, de<strong>&nbsp;Lydie Wisshaupt Claudel<\/strong>.<\/p>\n<div class=\"xdj266r x11i5rnm xat24cr x1mh8g0r x1vvkbs x126k92a\">\n<div dir=\"auto\">2022 | 90 min. | Fran\u00e7ais<\/div>\n<div dir=\"auto\">&nbsp;<\/div>\n<div dir=\"auto\">\n<h2 class=\"uk-scrollspy-inview \">Bande-annonce<\/h2>\n<div id=\"template-ZM6AlGn3#8\" class=\"uk-panel uk-dropcap uk-margin uk-text-justify uk-scrollspy-inview \" style=\"text-align: center;\"><iframe loading=\"lazy\" title=\"vimeo-player\" src=\"https:\/\/player.vimeo.com\/video\/687994935?h=34e088460a\" width=\"640\" height=\"360\" frameborder=\"0\" allowfullscreen=\"allowfullscreen\" data-mce-fragment=\"1\"><\/iframe><\/div>\n<br>\n<h2 class=\"uk-scrollspy-inview \">Synopsis<\/h2>\n<div id=\"template-ZM6AlGn3#8\" class=\"uk-panel uk-dropcap uk-margin uk-text-justify uk-scrollspy-inview \">Marie et Juliette ont quitt\u00e9 l&rsquo;enseignement classique pour ouvrir au c\u0153ur de Bruxelles une \u00e9cole o\u00f9 elles accueillent des enfants sans pass\u00e9 scolaire, souvent issus de l&rsquo;exil.Elles leur offrent un lieu et un temps hors des apprentissages scolaires formels pour \u00eatre ou redevenir des enfants, avant d&rsquo;affronter l&rsquo;institution scolaire qui attendra d&rsquo;eux d&rsquo;\u00eatre des \u00e9l\u00e8ves.Au fil de leurs tentatives et de leurs r\u00e9flexions p\u00e9dagogiques, le film nous oblige \u00e0 questionner l&rsquo;\u00e9cole comme un lieu vecteur de rapports d&rsquo;oppression qui nous touchent tou\u00b7te\u00b7s.<\/div>\n<div>&nbsp;<\/div>\n<\/div>\n<\/div>\n<div class=\"x11i5rnm xat24cr x1mh8g0r x1vvkbs xtlvy1s x126k92a\">\n<div dir=\"auto\"><strong><a class=\"x1i10hfl xjbqb8w x6umtig x1b1mbwd xaqea5y xav7gou x9f619 x1ypdohk xt0psk2 xe8uvvx xdj266r x11i5rnm xat24cr x1mh8g0r xexx8yu x4uap5 x18d9i69 xkhd6sd x16tdsg8 x1hl2dhg xggy1nq x1a2a7pz xt0b8zv x1fey0fg\" tabindex=\"0\" role=\"link\" href=\"https:\/\/www.moisdudoc.be\/documentaires\/eclaireuses-8952d330\" target=\"_blank\" rel=\"nofollow noopener\">https:\/\/www.moisdudoc.be\/documentaires\/eclaireuses-8952d330<\/a><\/strong><\/div>\n<\/div>\n<div class=\"x11i5rnm xat24cr x1mh8g0r x1vvkbs xtlvy1s x126k92a\">\n<div dir=\"auto\">&nbsp;<\/div>\n<\/div>\n\n\n\n<center>\n<h4><img decoding=\"async\" style=\"margin-top: -5px; margin-right: 10px; vertical-align: middle;\" src=\"http:\/\/2lautcote.be\/wp-content\/uploads\/2016\/09\/facebook_carre.png\" width=\"20\">Event Facebook \u2022 07\/11\/2024<\/h4>\n<p><a style=\"padding: 0px; color: #2c3a5a; text-decoration: none;\" href=\"https:\/\/www.facebook.com\/events\/466677859083331\/\" target=\"_blank\" rel=\"noopener\">https:\/\/www.facebook.com\/events\/466677859083331\/<\/a><\/p>\n<\/center>\n","protected":false},"excerpt":{"rendered":"<p>Dans le cadre du mois du doc, l&rsquo;ASBL Espace Citoyen vous propose la diffusion du film&hellip;<\/p>\n","protected":false},"author":1,"featured_media":5679,"comment_status":"closed","ping_status":"closed","sticky":false,"template":"","format":"standard","meta":{"ngg_post_thumbnail":0,"footnotes":""},"categories":[1],"tags":[],"class_list":["post-5683","post","type-post","status-publish","format-standard","has-post-thumbnail","hentry","category-non-classe"],"_links":{"self":[{"href":"http:\/\/2lautcote.be\/index.php\/wp-json\/wp\/v2\/posts\/5683","targetHints":{"allow":["GET"]}}],"collection":[{"href":"http:\/\/2lautcote.be\/index.php\/wp-json\/wp\/v2\/posts"}],"about":[{"href":"http:\/\/2lautcote.be\/index.php\/wp-json\/wp\/v2\/types\/post"}],"author":[{"embeddable":true,"href":"http:\/\/2lautcote.be\/index.php\/wp-json\/wp\/v2\/users\/1"}],"replies":[{"embeddable":true,"href":"http:\/\/2lautcote.be\/index.php\/wp-json\/wp\/v2\/comments?post=5683"}],"version-history":[{"count":7,"href":"http:\/\/2lautcote.be\/index.php\/wp-json\/wp\/v2\/posts\/5683\/revisions"}],"predecessor-version":[{"id":5724,"href":"http:\/\/2lautcote.be\/index.php\/wp-json\/wp\/v2\/posts\/5683\/revisions\/5724"}],"wp:featuredmedia":[{"embeddable":true,"href":"http:\/\/2lautcote.be\/index.php\/wp-json\/wp\/v2\/media\/5679"}],"wp:attachment":[{"href":"http:\/\/2lautcote.be\/index.php\/wp-json\/wp\/v2\/media?parent=5683"}],"wp:term":[{"taxonomy":"category","embeddable":true,"href":"http:\/\/2lautcote.be\/index.php\/wp-json\/wp\/v2\/categories?post=5683"},{"taxonomy":"post_tag","embeddable":true,"href":"http:\/\/2lautcote.be\/index.php\/wp-json\/wp\/v2\/tags?post=5683"}],"curies":[{"name":"wp","href":"https:\/\/api.w.org\/{rel}","templated":true}]}}