{"id":5277,"date":"2023-10-16T11:46:49","date_gmt":"2023-10-16T09:46:49","guid":{"rendered":"http:\/\/2lautcote.be\/?p=5277"},"modified":"2023-10-18T15:07:53","modified_gmt":"2023-10-18T13:07:53","slug":"le-mois-du-doc-2023-lempire-du-silence","status":"publish","type":"post","link":"http:\/\/2lautcote.be\/index.php\/2023\/10\/16\/le-mois-du-doc-2023-lempire-du-silence\/","title":{"rendered":"Le mois du doc 2023 &#8211; L&#8217;empire du silence"},"content":{"rendered":"\n<p>Dans le cadre du mois du doc, l&rsquo;ASBL Espace Citoyen vous propose la diffusion du film \u00ab\u00a0L&#8217;empire du silence\u00a0\u00bb, de<strong> Thierry Michel<\/strong>.<\/p>\n<div class=\"xdj266r x11i5rnm xat24cr x1mh8g0r x1vvkbs x126k92a\">\n<div dir=\"auto\">2020 <span class=\"x3nfvp2 x1j61x8r x1fcty0u xdj266r xhhsvwb xat24cr xgzva0m xxymvpz xlup9mm x1kky2od\"><img loading=\"lazy\" decoding=\"async\" src=\"https:\/\/static.xx.fbcdn.net\/images\/emoji.php\/v9\/tb5\/1\/16\/23f1.png\" alt=\"&#x23f1;\" width=\"16\" height=\"16\"><\/span>110 min. <span class=\"x3nfvp2 x1j61x8r x1fcty0u xdj266r xhhsvwb xat24cr xgzva0m xxymvpz xlup9mm x1kky2od\"><img loading=\"lazy\" decoding=\"async\" src=\"https:\/\/static.xx.fbcdn.net\/images\/emoji.php\/v9\/t74\/1\/16\/1f1eb_1f1f7.png\" alt=\"&#x1f1eb;&#x1f1f7;\" width=\"16\" height=\"16\"><\/span> Fran\u00e7ais<\/div>\n<div dir=\"auto\">&nbsp;<\/div>\n<div dir=\"auto\">\n<h2 class=\"uk-scrollspy-inview \">Bande-annonce<\/h2>\n<div id=\"template-ZM6AlGn3#8\" class=\"uk-panel uk-dropcap uk-margin uk-text-justify uk-scrollspy-inview \" style=\"text-align: center;\"><iframe loading=\"lazy\" title=\"YouTube video player\" src=\"\/\/www.youtube.com\/embed\/yVrRlANvYt0?si=t8yLCX8P67QmlkHw\" width=\"560\" height=\"315\" frameborder=\"0\" allowfullscreen=\"allowfullscreen\"><\/iframe><\/div>\n<br>\n<h2 class=\"uk-scrollspy-inview \">Synopsis<\/h2>\n<div id=\"template-ZM6AlGn3#8\" class=\"uk-panel uk-dropcap uk-margin uk-text-justify uk-scrollspy-inview \">Depuis vingt-cinq ans, la R\u00e9publique D\u00e9mocratique du Congo est d\u00e9chir\u00e9e par une guerre largement ignor\u00e9e des m\u00e9dias et de la communaut\u00e9 internationale. Les victimes se comptent par centaines de milliers, voire par millions. Les auteurs de ces crimes sont innombrables : des mouvements rebelles, mais aussi des arm\u00e9es, celles du Congo et des pays voisins&#8230;<\/div>\n<div>&nbsp;<\/div>\n<\/div>\n<\/div>\n<div class=\"x11i5rnm xat24cr x1mh8g0r x1vvkbs xtlvy1s x126k92a\">\n<div dir=\"auto\"><strong><a class=\"x1i10hfl xjbqb8w x6umtig x1b1mbwd xaqea5y xav7gou x9f619 x1ypdohk xt0psk2 xe8uvvx xdj266r x11i5rnm xat24cr x1mh8g0r xexx8yu x4uap5 x18d9i69 xkhd6sd x16tdsg8 x1hl2dhg xggy1nq x1a2a7pz xt0b8zv x1fey0fg\" tabindex=\"0\" role=\"link\" href=\"https:\/\/www.moisdudoc.be\/documentaires\/lempire-du-silence\" target=\"_blank\" rel=\"nofollow noopener\">https:\/\/www.moisdudoc.be\/documentaires\/lempire-du-silence<\/a><\/strong><\/div>\n<div dir=\"auto\">&nbsp;<\/div>\n<\/div>\n\n\n\n<center>\n<a style=\"padding: 0px; color: #2c3a5a; text-decoration: none;\" href=\"https:\/\/www.facebook.com\/events\/158186937371574\/\" target=\"_blank\" rel=\"noopener\"><h4><img decoding=\"async\" style=\"margin-top: -5px; margin-right: 10px; vertical-align: middle;\" src=\"http:\/\/2lautcote.be\/wp-content\/uploads\/2016\/09\/facebook_carre.png\" width=\"20\">Event Facebook \u2022 07\/11\/2023<\/h4><\/a>\n<p><a style=\"padding: 0px; color: #2c3a5a; text-decoration: none;\" href=\"https:\/\/www.facebook.com\/events\/158186937371574\/\" target=\"_blank\" rel=\"noopener\">https:\/\/www.facebook.com\/events\/158186937371574\/<\/a><\/p><\/center>\n","protected":false},"excerpt":{"rendered":"<p>Dans le cadre du mois du doc, l&rsquo;ASBL Espace Citoyen vous propose la diffusion du film&hellip;<\/p>\n","protected":false},"author":1,"featured_media":5276,"comment_status":"closed","ping_status":"closed","sticky":false,"template":"","format":"standard","meta":{"ngg_post_thumbnail":0,"footnotes":""},"categories":[1],"tags":[],"class_list":["post-5277","post","type-post","status-publish","format-standard","has-post-thumbnail","hentry","category-non-classe"],"_links":{"self":[{"href":"http:\/\/2lautcote.be\/index.php\/wp-json\/wp\/v2\/posts\/5277","targetHints":{"allow":["GET"]}}],"collection":[{"href":"http:\/\/2lautcote.be\/index.php\/wp-json\/wp\/v2\/posts"}],"about":[{"href":"http:\/\/2lautcote.be\/index.php\/wp-json\/wp\/v2\/types\/post"}],"author":[{"embeddable":true,"href":"http:\/\/2lautcote.be\/index.php\/wp-json\/wp\/v2\/users\/1"}],"replies":[{"embeddable":true,"href":"http:\/\/2lautcote.be\/index.php\/wp-json\/wp\/v2\/comments?post=5277"}],"version-history":[{"count":4,"href":"http:\/\/2lautcote.be\/index.php\/wp-json\/wp\/v2\/posts\/5277\/revisions"}],"predecessor-version":[{"id":5282,"href":"http:\/\/2lautcote.be\/index.php\/wp-json\/wp\/v2\/posts\/5277\/revisions\/5282"}],"wp:featuredmedia":[{"embeddable":true,"href":"http:\/\/2lautcote.be\/index.php\/wp-json\/wp\/v2\/media\/5276"}],"wp:attachment":[{"href":"http:\/\/2lautcote.be\/index.php\/wp-json\/wp\/v2\/media?parent=5277"}],"wp:term":[{"taxonomy":"category","embeddable":true,"href":"http:\/\/2lautcote.be\/index.php\/wp-json\/wp\/v2\/categories?post=5277"},{"taxonomy":"post_tag","embeddable":true,"href":"http:\/\/2lautcote.be\/index.php\/wp-json\/wp\/v2\/tags?post=5277"}],"curies":[{"name":"wp","href":"https:\/\/api.w.org\/{rel}","templated":true}]}}