{"id":5008,"date":"2023-01-31T08:15:42","date_gmt":"2023-01-31T07:15:42","guid":{"rendered":"http:\/\/2lautcote.be\/?p=5008"},"modified":"2023-02-03T12:32:12","modified_gmt":"2023-02-03T11:32:12","slug":"projection-du-documentaire-le-chemin-des-coquelicots-16-02-2023","status":"publish","type":"post","link":"http:\/\/2lautcote.be\/index.php\/2023\/01\/31\/projection-du-documentaire-le-chemin-des-coquelicots-16-02-2023\/","title":{"rendered":"Projection du documentaire \u00ab\u00a0Le chemin des coquelicots\u00a0\u00bb &#8211; 16\/02\/2023"},"content":{"rendered":"\n\n\n<p>On vous propose la diffusion du documentaire \u00ab\u00a0Le chemin des coquelicots\u00a0\u00bb, en pr\u00e9sence de <strong>Michel Leclercq<\/strong> (Ere) et <strong>Thierry Beaucarne <\/strong>(Luingne) agriculteurs bio, engag\u00e9s dans la Coop Alimentaire<br><strong>Sophie Cailliau<\/strong>, r\u00e9f\u00e9rente agricole pour la Ceinture Alimentaire et administratrice d\u00e9l\u00e9gu\u00e9e de la Coop Alimentaire<br><strong>Didier Lippinois<\/strong>, administrateur de la Coop Alimentaire<br><strong>Chantal Nott\u00e9<\/strong>, r\u00e9alisatrice<\/p>\n\n\n\n<p><\/p>\n\n\n\n<div class=\"xdj266r x11i5rnm xat24cr x1mh8g0r x1vvkbs x126k92a\">\n<div dir=\"auto\">2022 <span class=\"x3nfvp2 x1j61x8r x1fcty0u xdj266r xhhsvwb xat24cr xgzva0m xxymvpz xlup9mm x1kky2od\"><img loading=\"lazy\" decoding=\"async\" src=\"https:\/\/static.xx.fbcdn.net\/images\/emoji.php\/v9\/tb5\/1\/16\/23f1.png\" alt=\"&#x23f1;\" width=\"16\" height=\"16\"><\/span>51 min. <span class=\"x3nfvp2 x1j61x8r x1fcty0u xdj266r xhhsvwb xat24cr xgzva0m xxymvpz xlup9mm x1kky2od\"><img loading=\"lazy\" decoding=\"async\" src=\"https:\/\/static.xx.fbcdn.net\/images\/emoji.php\/v9\/t74\/1\/16\/1f1eb_1f1f7.png\" alt=\"&#x1f1eb;&#x1f1f7;\" width=\"16\" height=\"16\"><\/span> Fran\u00e7ais<br>\n<\/div>\n\n\n\n<p>Production Not\u00e9l\u00e9\/Maison de la Culture \u2013 r\u00e9alisation Chantal Nott\u00e9<br>Musique originale Eloi Baudimont<\/p>\n\n\n\n<p>En 2020 et \u00e0 52 ans, Michel Leclercq, fils d\u2019agriculteur, d\u00e9cide de convertir son exploitation en bio.<br>Sa petite-cousine, la mara\u00eech\u00e8re Sophie Cailliau, est venue s\u2019y installer deux ann\u00e9es auparavant, en compagnie de son mari chevrier, Pierre Van de Wiele. Ensemble, ils vont op\u00e9rer une v\u00e9ritable transformation de cette exploitation de 34 hectares en un mod\u00e8le agricole plus r\u00e9silient.<br>Durant 1 an et demi, Chantal Nott\u00e9 et Jonathan Vandenbosch ont suivi la conversion en bio des grandes cultures et cette nouvelle vie au c\u0153ur de la \u00ab ferme des coquelicots \u00bb.<\/p>\n\n\n\n<p>Chantal Nott\u00e9 : \u00ab\u00a0J&rsquo;ai suivi, durant un an et demi, avec \u00e9coute et empathie, quelques-unes des \u00e9tapes de la conversion en bio d\u2019un agriculteur, Michel Leclercq, et la transformation de son exploitation en un mod\u00e8le moins sujet aux crises qui nous menacent. Michel Leclercq n\u2019est pas le premier \u00e0 faire cette conversion, bien s\u00fbr. Mais j\u2019ai voulu comprendre ce que cela voulait dire, tr\u00e8s concr\u00e8tement.<br>C\u2019est un pari, sinc\u00e8re pour une agriculture plus autonome, r\u00e9siliente et qui nourrit \u00e9galement ceux qui nous nourrissent \u00bb<\/p>\n\n\n\n<p class=\"has-text-align-center\"><br>Affiche disponible en pdf : <br>[ <a rel=\"noreferrer noopener\" href=\"http:\/\/2lautcote.be\/wp-content\/uploads\/2023\/02\/Projection_LeCheminDesCoquelicots_2023-02-16_affiche.pdf\" target=\"_blank\">Projection_LeCheminDesCoquelicots_2023-02-16_affiche.pdf<\/a> ]<br>&#8212;&#8212;&#8212;&#8212;&#8212;&#8212;&#8212;<\/p>\n\n\n\n<center>\n<a style=\"padding: 0px; color: #2c3a5a; text-decoration: none;\" href=\"https:\/\/www.facebook.com\/events\/692058542395321\/\" target=\"_blank\" rel=\"noopener\"><h4><img decoding=\"async\" style=\"margin-top: -5px; margin-right: 10px; vertical-align: middle;\" src=\"http:\/\/2lautcote.be\/wp-content\/uploads\/2016\/09\/facebook_carre.png\" width=\"20\">Event Facebook \u2022 16\/02\/2023<\/h4><\/a>\n<p><a style=\"padding: 0px; color: #2c3a5a; text-decoration: none;\" href=\"https:\/\/www.facebook.com\/events\/692058542395321\/\" target=\"_blank\" rel=\"noopener\">https:\/\/www.facebook.com\/events\/692058542395321\/<\/a><\/p>\n","protected":false},"excerpt":{"rendered":"<p>On vous propose la diffusion du documentaire \u00ab\u00a0Le chemin des coquelicots\u00a0\u00bb, en pr\u00e9sence de Michel Leclercq&hellip;<\/p>\n","protected":false},"author":1,"featured_media":5007,"comment_status":"closed","ping_status":"closed","sticky":false,"template":"","format":"standard","meta":{"ngg_post_thumbnail":0,"footnotes":""},"categories":[1],"tags":[],"class_list":["post-5008","post","type-post","status-publish","format-standard","has-post-thumbnail","hentry","category-non-classe"],"_links":{"self":[{"href":"http:\/\/2lautcote.be\/index.php\/wp-json\/wp\/v2\/posts\/5008","targetHints":{"allow":["GET"]}}],"collection":[{"href":"http:\/\/2lautcote.be\/index.php\/wp-json\/wp\/v2\/posts"}],"about":[{"href":"http:\/\/2lautcote.be\/index.php\/wp-json\/wp\/v2\/types\/post"}],"author":[{"embeddable":true,"href":"http:\/\/2lautcote.be\/index.php\/wp-json\/wp\/v2\/users\/1"}],"replies":[{"embeddable":true,"href":"http:\/\/2lautcote.be\/index.php\/wp-json\/wp\/v2\/comments?post=5008"}],"version-history":[{"count":11,"href":"http:\/\/2lautcote.be\/index.php\/wp-json\/wp\/v2\/posts\/5008\/revisions"}],"predecessor-version":[{"id":5028,"href":"http:\/\/2lautcote.be\/index.php\/wp-json\/wp\/v2\/posts\/5008\/revisions\/5028"}],"wp:featuredmedia":[{"embeddable":true,"href":"http:\/\/2lautcote.be\/index.php\/wp-json\/wp\/v2\/media\/5007"}],"wp:attachment":[{"href":"http:\/\/2lautcote.be\/index.php\/wp-json\/wp\/v2\/media?parent=5008"}],"wp:term":[{"taxonomy":"category","embeddable":true,"href":"http:\/\/2lautcote.be\/index.php\/wp-json\/wp\/v2\/categories?post=5008"},{"taxonomy":"post_tag","embeddable":true,"href":"http:\/\/2lautcote.be\/index.php\/wp-json\/wp\/v2\/tags?post=5008"}],"curies":[{"name":"wp","href":"https:\/\/api.w.org\/{rel}","templated":true}]}}