{"id":2887,"date":"2018-10-30T14:37:34","date_gmt":"2018-10-30T13:37:34","guid":{"rendered":"http:\/\/2lautcote.be\/?p=2887"},"modified":"2018-10-30T14:54:09","modified_gmt":"2018-10-30T13:54:09","slug":"le-mois-du-doc","status":"publish","type":"post","link":"http:\/\/2lautcote.be\/index.php\/2018\/10\/30\/le-mois-du-doc\/","title":{"rendered":"Le mois du Doc"},"content":{"rendered":"<p>Infos sur le site officiel : <a href=\"https:\/\/www.moisdudoc.be\/\" rel=\"noopener\" target=\"_blank\">www.moisdudoc.be<\/a><\/p>\n<p>3 projections auront lieu \u00e0 2l&rsquo;Aut&rsquo;C\u00f4t\u00e9 :<br \/>\n15\/11 20h : <a href=\"https:\/\/www.moisdudoc.be\/documentaires\/8662-les-eternels\" rel=\"noopener\" target=\"_blank\">LES \u00c9TERNELS &#8211; Un documentaire de Pierre-Yves Vandeweerd<\/a><br \/>\n22\/11 20h : <a href=\"https:\/\/www.moisdudoc.be\/documentaires\/8657-a-leak-in-paradise\" rel=\"noopener\" target=\"_blank\">A LEAK IN PARADISE &#8211; Un documentaire de David Leloup<\/a><br \/>\n29\/11 20h : <a href=\"https:\/\/www.moisdudoc.be\/documentaires\/8687-enfants-du-hasard\" rel=\"noopener\" target=\"_blank\">ENFANTS DU HASARD &#8211; Un documentaire de Thierry Michel et Pascal Colson<\/a><\/p>\n<p><center><strong><a href=\"http:\/\/2lautcote.be\/wp-content\/uploads\/2018\/10\/programme-novembre-mouscron-MOIS-du-DOC-2018-1.pdf\" target=\"blank\"><img loading=\"lazy\" decoding=\"async\" style=\"margin-top: 5px; margin-right: 10px; vertical-align:-5px;\"  src=\"http:\/\/www.24hmouscron.be\/ADMIN\/images\/pdf_icon.png\" width=\"18\" height=\"18\" \/>programme du mois du Doc \u00e0 Mouscron, en pdf&#8230;<\/a><\/strong><\/center><\/p>\n<p><center><a style=\"padding:0px; color:#2c3a5a; text-decoration:none;\" target=\"_blank\" href=\"https:\/\/www.facebook.com\/events\/559926207795553\/\"><img loading=\"lazy\" decoding=\"async\" src=\"http:\/\/2lautcote.be\/wp-content\/uploads\/2018\/10\/programme-novembre-mouscron-MOIS-du-DOC-2018-1_Page_5-725x1024.jpg\" alt=\"\" width=\"700\" height=\"989\" class=\"aligncenter size-large wp-image-2893\" srcset=\"http:\/\/2lautcote.be\/wp-content\/uploads\/2018\/10\/programme-novembre-mouscron-MOIS-du-DOC-2018-1_Page_5-725x1024.jpg 725w, http:\/\/2lautcote.be\/wp-content\/uploads\/2018\/10\/programme-novembre-mouscron-MOIS-du-DOC-2018-1_Page_5-212x300.jpg 212w, http:\/\/2lautcote.be\/wp-content\/uploads\/2018\/10\/programme-novembre-mouscron-MOIS-du-DOC-2018-1_Page_5-768x1085.jpg 768w, http:\/\/2lautcote.be\/wp-content\/uploads\/2018\/10\/programme-novembre-mouscron-MOIS-du-DOC-2018-1_Page_5-17x24.jpg 17w, http:\/\/2lautcote.be\/wp-content\/uploads\/2018\/10\/programme-novembre-mouscron-MOIS-du-DOC-2018-1_Page_5-25x36.jpg 25w, http:\/\/2lautcote.be\/wp-content\/uploads\/2018\/10\/programme-novembre-mouscron-MOIS-du-DOC-2018-1_Page_5-34x48.jpg 34w, http:\/\/2lautcote.be\/wp-content\/uploads\/2018\/10\/programme-novembre-mouscron-MOIS-du-DOC-2018-1_Page_5.jpg 1433w\" sizes=\"auto, (max-width: 700px) 100vw, 700px\" \/><\/p>\n<h4><img decoding=\"async\" style=\"margin-top: -5px; margin-right: 10px; vertical-align:middle;\" width=\"20\" src=\"http:\/\/2lautcote.be\/wp-content\/uploads\/2016\/09\/facebook_carre.png\">Event Facebook &bull; Le mois du Doc &#8211; Les Eternels<\/h4>\n<p>https:\/\/www.facebook.com\/events\/559926207795553\/<\/a><\/p>\n<p><a style=\"padding:0px; color:#2c3a5a; text-decoration:none;\" target=\"_blank\" href=\"https:\/\/www.facebook.com\/events\/2147429672250737\/\"><img loading=\"lazy\" decoding=\"async\" src=\"http:\/\/2lautcote.be\/wp-content\/uploads\/2018\/10\/programme-novembre-mouscron-MOIS-du-DOC-2018-1_Page_6-725x1024.jpg\" alt=\"\" width=\"700\" height=\"989\" class=\"aligncenter size-large wp-image-2894\" srcset=\"http:\/\/2lautcote.be\/wp-content\/uploads\/2018\/10\/programme-novembre-mouscron-MOIS-du-DOC-2018-1_Page_6-725x1024.jpg 725w, http:\/\/2lautcote.be\/wp-content\/uploads\/2018\/10\/programme-novembre-mouscron-MOIS-du-DOC-2018-1_Page_6-212x300.jpg 212w, http:\/\/2lautcote.be\/wp-content\/uploads\/2018\/10\/programme-novembre-mouscron-MOIS-du-DOC-2018-1_Page_6-768x1085.jpg 768w, http:\/\/2lautcote.be\/wp-content\/uploads\/2018\/10\/programme-novembre-mouscron-MOIS-du-DOC-2018-1_Page_6-17x24.jpg 17w, http:\/\/2lautcote.be\/wp-content\/uploads\/2018\/10\/programme-novembre-mouscron-MOIS-du-DOC-2018-1_Page_6-25x36.jpg 25w, http:\/\/2lautcote.be\/wp-content\/uploads\/2018\/10\/programme-novembre-mouscron-MOIS-du-DOC-2018-1_Page_6-34x48.jpg 34w, http:\/\/2lautcote.be\/wp-content\/uploads\/2018\/10\/programme-novembre-mouscron-MOIS-du-DOC-2018-1_Page_6.jpg 1433w\" sizes=\"auto, (max-width: 700px) 100vw, 700px\" \/><\/p>\n<h4><img decoding=\"async\" style=\"margin-top: -5px; margin-right: 10px; vertical-align:middle;\" width=\"20\" src=\"http:\/\/2lautcote.be\/wp-content\/uploads\/2016\/09\/facebook_carre.png\">Event Facebook &bull; Le mois du Doc &#8211; A Leak in Paradise <\/h4>\n<p>https:\/\/www.facebook.com\/events\/2147429672250737\/<\/a><\/p>\n<p><a style=\"padding:0px; color:#2c3a5a; text-decoration:none;\" target=\"_blank\" href=\"https:\/\/www.facebook.com\/events\/558015897975860\/\"><img loading=\"lazy\" decoding=\"async\" src=\"http:\/\/2lautcote.be\/wp-content\/uploads\/2018\/10\/programme-novembre-mouscron-MOIS-du-DOC-2018-1_Page_7-725x1024.jpg\" alt=\"\" width=\"700\" height=\"989\" class=\"aligncenter size-large wp-image-2895\" srcset=\"http:\/\/2lautcote.be\/wp-content\/uploads\/2018\/10\/programme-novembre-mouscron-MOIS-du-DOC-2018-1_Page_7-725x1024.jpg 725w, http:\/\/2lautcote.be\/wp-content\/uploads\/2018\/10\/programme-novembre-mouscron-MOIS-du-DOC-2018-1_Page_7-212x300.jpg 212w, http:\/\/2lautcote.be\/wp-content\/uploads\/2018\/10\/programme-novembre-mouscron-MOIS-du-DOC-2018-1_Page_7-768x1085.jpg 768w, http:\/\/2lautcote.be\/wp-content\/uploads\/2018\/10\/programme-novembre-mouscron-MOIS-du-DOC-2018-1_Page_7-17x24.jpg 17w, http:\/\/2lautcote.be\/wp-content\/uploads\/2018\/10\/programme-novembre-mouscron-MOIS-du-DOC-2018-1_Page_7-25x36.jpg 25w, http:\/\/2lautcote.be\/wp-content\/uploads\/2018\/10\/programme-novembre-mouscron-MOIS-du-DOC-2018-1_Page_7-34x48.jpg 34w, http:\/\/2lautcote.be\/wp-content\/uploads\/2018\/10\/programme-novembre-mouscron-MOIS-du-DOC-2018-1_Page_7.jpg 1433w\" sizes=\"auto, (max-width: 700px) 100vw, 700px\" \/><\/p>\n<h4><img decoding=\"async\" style=\"margin-top: -5px; margin-right: 10px; vertical-align:middle;\" width=\"20\" src=\"http:\/\/2lautcote.be\/wp-content\/uploads\/2016\/09\/facebook_carre.png\">Event Facebook &bull; Le mois du Doc &#8211; Enfants du Hasard<\/h4>\n<p>https:\/\/www.facebook.com\/events\/558015897975860\/<\/a><\/p>\n","protected":false},"excerpt":{"rendered":"<p>Infos sur le site officiel : www.moisdudoc.be 3 projections auront lieu \u00e0 2l&rsquo;Aut&rsquo;C\u00f4t\u00e9 : 15\/11 20h&hellip;<\/p>\n","protected":false},"author":1,"featured_media":2897,"comment_status":"closed","ping_status":"closed","sticky":false,"template":"","format":"standard","meta":{"ngg_post_thumbnail":0,"footnotes":""},"categories":[1],"tags":[],"class_list":["post-2887","post","type-post","status-publish","format-standard","has-post-thumbnail","hentry","category-non-classe"],"_links":{"self":[{"href":"http:\/\/2lautcote.be\/index.php\/wp-json\/wp\/v2\/posts\/2887","targetHints":{"allow":["GET"]}}],"collection":[{"href":"http:\/\/2lautcote.be\/index.php\/wp-json\/wp\/v2\/posts"}],"about":[{"href":"http:\/\/2lautcote.be\/index.php\/wp-json\/wp\/v2\/types\/post"}],"author":[{"embeddable":true,"href":"http:\/\/2lautcote.be\/index.php\/wp-json\/wp\/v2\/users\/1"}],"replies":[{"embeddable":true,"href":"http:\/\/2lautcote.be\/index.php\/wp-json\/wp\/v2\/comments?post=2887"}],"version-history":[{"count":16,"href":"http:\/\/2lautcote.be\/index.php\/wp-json\/wp\/v2\/posts\/2887\/revisions"}],"predecessor-version":[{"id":2914,"href":"http:\/\/2lautcote.be\/index.php\/wp-json\/wp\/v2\/posts\/2887\/revisions\/2914"}],"wp:featuredmedia":[{"embeddable":true,"href":"http:\/\/2lautcote.be\/index.php\/wp-json\/wp\/v2\/media\/2897"}],"wp:attachment":[{"href":"http:\/\/2lautcote.be\/index.php\/wp-json\/wp\/v2\/media?parent=2887"}],"wp:term":[{"taxonomy":"category","embeddable":true,"href":"http:\/\/2lautcote.be\/index.php\/wp-json\/wp\/v2\/categories?post=2887"},{"taxonomy":"post_tag","embeddable":true,"href":"http:\/\/2lautcote.be\/index.php\/wp-json\/wp\/v2\/tags?post=2887"}],"curies":[{"name":"wp","href":"https:\/\/api.w.org\/{rel}","templated":true}]}}