{"id":1997,"date":"2017-11-06T16:26:54","date_gmt":"2017-11-06T15:26:54","guid":{"rendered":"http:\/\/2lautcote.be\/?p=1997"},"modified":"2018-04-17T08:42:37","modified_gmt":"2018-04-17T06:42:37","slug":"conference-demain-cest-aujourdhui-2","status":"publish","type":"post","link":"http:\/\/2lautcote.be\/index.php\/2017\/11\/06\/conference-demain-cest-aujourdhui-2\/","title":{"rendered":"Conf\u00e9rence \u00ab\u00a0Demain\u00a0\u00bb c&rsquo;est aujourd&rsquo;hui"},"content":{"rendered":"<p><strong>Doudou Sow<\/strong> devait donner une conf\u00e9rence le 23 mai. L&rsquo;office des \u00e9trangers l&rsquo;en avait emp\u00each\u00e9 en refusant de d\u00e9livrer son visa de fa\u00e7on tr\u00e8s proc\u00e9duri\u00e8re et en laissant trainer les choses. Cette fois-ci, Doudou a r\u00e9ussi \u00e0 obtenir un visa pour l&rsquo;Europe et sera pr\u00e9sent <strong>jeudi 23 novembre<\/strong> \u00e0 <strong>2l&rsquo;Aut&rsquo;C\u00f4t\u00e9<\/strong>.<\/p>\n<p>Doudou Sow est le co-fondateur d\u2019un projet mod\u00e8le de d\u00e9veloppement durable dans son village de Gu\u00e9lack au S\u00e9n\u00e9gal. Cet agro-\u00e9leveur, humaniste convaincu et excellent orateur viendra exceptionnellement nous pr\u00e9senter ses projets et sa vision soci\u00e9tale.<br \/>\nDepuis 6 ans maintenant, les \u00e9l\u00e8ves de rh\u00e9to de l&rsquo;Institut Saint-Charles portent les projets de d\u00e9veloppement de Gu\u00e9lack, et s&rsquo;y rendent chaque ann\u00e9e.<br \/>\nDoudou est chez nous et nous propose cette conf\u00e9rence-d\u00e9bat unique&nbsp;! <\/p>\n<p><center><a style=\"padding:0px; color:#2c3a5a; text-decoration:none;\" target=\"_blank\" href=\"https:\/\/www.facebook.com\/events\/527610867599465\"><\/p>\n<h4><img decoding=\"async\" style=\"margin-top: -5px; margin-right: 10px; vertical-align:middle;\" width=\"20\" src=\"http:\/\/2lautcote.be\/wp-content\/uploads\/2016\/09\/facebook_carre.png\">Event Facebook &bull; 23\/11\/2017<\/h4>\n<p>https:\/\/www.facebook.com\/events\/527610867599465<\/a><\/p>\n<p><a href=\"http:\/\/2lautcote.be\/wp-content\/uploads\/2017\/11\/affiche-Doudou.pdf\" target=\"blank\"><img loading=\"lazy\" decoding=\"async\" style=\"margin-top: 5px; margin-right: 10px; vertical-align:-5px;\"  src=\"http:\/\/www.24hmouscron.be\/ADMIN\/images\/pdf_icon.png\" width=\"18\" height=\"18\" \/>Affiche en pdf&#8230;<\/a><\/center><\/p>\n<p>Pour en apprendre un peu plus sur le sujet&#8230; une excellente vid\u00e9o de 12 minutes r\u00e9alis\u00e9e par France 5 pr\u00e9sente le village de Gu\u00e9lack et les actions d\u00e9j\u00e0 r\u00e9alis\u00e9es (vid\u00e9o de 2010) :<br \/>\n<center><iframe loading=\"lazy\" width=\"560\" height=\"315\" src=\"https:\/\/www.youtube.com\/embed\/hV33m39Gfpw?rel=0\" frameborder=\"0\" allow=\"autoplay; encrypted-media\" allowfullscreen><\/iframe><br \/>\n<a href=\"https:\/\/www.youtube.com\/watch?v=hV33m39Gfpw\" target=\"_blank\">voir sur youtube&#8230;<\/a><\/center><\/p>\n","protected":false},"excerpt":{"rendered":"<p>Doudou Sow devait donner une conf\u00e9rence le 23 mai. L&rsquo;office des \u00e9trangers l&rsquo;en avait emp\u00each\u00e9 en&hellip;<\/p>\n","protected":false},"author":1,"featured_media":2003,"comment_status":"closed","ping_status":"closed","sticky":false,"template":"","format":"standard","meta":{"ngg_post_thumbnail":0,"footnotes":""},"categories":[1],"tags":[],"class_list":["post-1997","post","type-post","status-publish","format-standard","has-post-thumbnail","hentry","category-non-classe"],"_links":{"self":[{"href":"http:\/\/2lautcote.be\/index.php\/wp-json\/wp\/v2\/posts\/1997","targetHints":{"allow":["GET"]}}],"collection":[{"href":"http:\/\/2lautcote.be\/index.php\/wp-json\/wp\/v2\/posts"}],"about":[{"href":"http:\/\/2lautcote.be\/index.php\/wp-json\/wp\/v2\/types\/post"}],"author":[{"embeddable":true,"href":"http:\/\/2lautcote.be\/index.php\/wp-json\/wp\/v2\/users\/1"}],"replies":[{"embeddable":true,"href":"http:\/\/2lautcote.be\/index.php\/wp-json\/wp\/v2\/comments?post=1997"}],"version-history":[{"count":12,"href":"http:\/\/2lautcote.be\/index.php\/wp-json\/wp\/v2\/posts\/1997\/revisions"}],"predecessor-version":[{"id":2430,"href":"http:\/\/2lautcote.be\/index.php\/wp-json\/wp\/v2\/posts\/1997\/revisions\/2430"}],"wp:featuredmedia":[{"embeddable":true,"href":"http:\/\/2lautcote.be\/index.php\/wp-json\/wp\/v2\/media\/2003"}],"wp:attachment":[{"href":"http:\/\/2lautcote.be\/index.php\/wp-json\/wp\/v2\/media?parent=1997"}],"wp:term":[{"taxonomy":"category","embeddable":true,"href":"http:\/\/2lautcote.be\/index.php\/wp-json\/wp\/v2\/categories?post=1997"},{"taxonomy":"post_tag","embeddable":true,"href":"http:\/\/2lautcote.be\/index.php\/wp-json\/wp\/v2\/tags?post=1997"}],"curies":[{"name":"wp","href":"https:\/\/api.w.org\/{rel}","templated":true}]}}