{"id":1020,"date":"2017-01-27T14:37:49","date_gmt":"2017-01-27T13:37:49","guid":{"rendered":"http:\/\/2lautcote.be\/?p=1020"},"modified":"2017-01-30T08:48:36","modified_gmt":"2017-01-30T07:48:36","slug":"expo-photos-amnesty-022017","status":"publish","type":"post","link":"http:\/\/2lautcote.be\/index.php\/2017\/01\/27\/expo-photos-amnesty-022017\/","title":{"rendered":"Expo Photos Amnesty 02\/2017"},"content":{"rendered":"<p>Le groupe Amnesty de Mouscron vous invite \u00e0 son premier <b>ap\u00e9ritif<\/b> le dimanche <b>12 f\u00e9vrier 2017 d\u00e8s 11h<\/b> \u00e0 \u00ab\u00a02 l&rsquo;Aut&rsquo;C\u00f4t\u00e9\u00a0\u00bb.<br \/>\n<center><\/p>\n<h4>Exposition de photographies <a style=\"padding:0px; color:#2c3a5a; text-decoration:none;\" target=\"_blank\" href=\"http:\/\/www.droitdanslesyeux.be\/\">\u00ab\u00a0Droits dans les yeux\u00a0\u00bb<\/a>.<\/h4>\n<p><\/center><br \/>\nAu plaisir de vous y rencontrer,<\/p>\n<p><center><a style=\"padding:0px; color:#2c3a5a; text-decoration:none;\" target=\"_blank\" href=\"https:\/\/www.facebook.com\/events\/577956435735134\/\"><\/p>\n<h4><img decoding=\"async\" style=\"margin-top: -5px; margin-right: 10px; vertical-align:middle;\" width=\"20\" src=\"http:\/\/2lautcote.be\/wp-content\/uploads\/2016\/09\/facebook_carre.png\">Event Facebook Ap\u00e9ro &bull; 12\/02\/2107<\/h4>\n<p>https:\/\/www.facebook.com\/events\/577956435735134\/<\/a><br \/>\n<a style=\"padding:0px; color:#2c3a5a; text-decoration:none;\" target=\"_blank\" href=\"https:\/\/www.facebook.com\/events\/363231240724944\/\"><\/p>\n<h4><img decoding=\"async\" style=\"margin-top: -5px; margin-right: 10px; vertical-align:middle;\" width=\"20\" src=\"http:\/\/2lautcote.be\/wp-content\/uploads\/2016\/09\/facebook_carre.png\">Event Facebook Expo &bull; 12->19\/02\/2107<\/h4>\n<p>https:\/\/www.facebook.com\/events\/363231240724944\/<\/p>\n<p><img decoding=\"async\" width=\"377px\" src=\"http:\/\/2lautcote.be\/wp-content\/uploads\/2017\/01\/AmnestyExpoPhotos2017.png\" border=\"0\"><\/a><\/center><\/h4>\n<p><center><\/p>\n<h4>plus d&rsquo;infos sur <a style=\"padding:0px; color:#2c3a5a; text-decoration:none;\" target=\"_blank\" href=\"http:\/\/www.droitdanslesyeux.be\/\">www.droitdanslesyeux.be<\/a><\/h4>\n<p><\/center><\/p>\n","protected":false},"excerpt":{"rendered":"<p>Le groupe Amnesty de Mouscron vous invite \u00e0 son premier ap\u00e9ritif le dimanche 12 f\u00e9vrier 2017&hellip;<\/p>\n","protected":false},"author":1,"featured_media":1025,"comment_status":"closed","ping_status":"closed","sticky":false,"template":"","format":"standard","meta":{"ngg_post_thumbnail":0,"footnotes":""},"categories":[1],"tags":[],"class_list":["post-1020","post","type-post","status-publish","format-standard","has-post-thumbnail","hentry","category-non-classe"],"_links":{"self":[{"href":"http:\/\/2lautcote.be\/index.php\/wp-json\/wp\/v2\/posts\/1020","targetHints":{"allow":["GET"]}}],"collection":[{"href":"http:\/\/2lautcote.be\/index.php\/wp-json\/wp\/v2\/posts"}],"about":[{"href":"http:\/\/2lautcote.be\/index.php\/wp-json\/wp\/v2\/types\/post"}],"author":[{"embeddable":true,"href":"http:\/\/2lautcote.be\/index.php\/wp-json\/wp\/v2\/users\/1"}],"replies":[{"embeddable":true,"href":"http:\/\/2lautcote.be\/index.php\/wp-json\/wp\/v2\/comments?post=1020"}],"version-history":[{"count":4,"href":"http:\/\/2lautcote.be\/index.php\/wp-json\/wp\/v2\/posts\/1020\/revisions"}],"predecessor-version":[{"id":1024,"href":"http:\/\/2lautcote.be\/index.php\/wp-json\/wp\/v2\/posts\/1020\/revisions\/1024"}],"wp:featuredmedia":[{"embeddable":true,"href":"http:\/\/2lautcote.be\/index.php\/wp-json\/wp\/v2\/media\/1025"}],"wp:attachment":[{"href":"http:\/\/2lautcote.be\/index.php\/wp-json\/wp\/v2\/media?parent=1020"}],"wp:term":[{"taxonomy":"category","embeddable":true,"href":"http:\/\/2lautcote.be\/index.php\/wp-json\/wp\/v2\/categories?post=1020"},{"taxonomy":"post_tag","embeddable":true,"href":"http:\/\/2lautcote.be\/index.php\/wp-json\/wp\/v2\/tags?post=1020"}],"curies":[{"name":"wp","href":"https:\/\/api.w.org\/{rel}","templated":true}]}}